{"id":4863,"date":"2020-06-28T06:00:55","date_gmt":"2020-06-28T10:00:55","guid":{"rendered":"http:\/\/accompagnementfga.ca\/SCFGAFP\/?p=4863"},"modified":"2020-06-22T09:06:40","modified_gmt":"2020-06-22T13:06:40","slug":"fp-la-formation-a-un-metier-specialise-au-temps-de-la-covid-19","status":"publish","type":"post","link":"http:\/\/accompagnementfga.ca\/SCFGAFP\/2020\/06\/28\/fp-la-formation-a-un-metier-specialise-au-temps-de-la-covid-19\/","title":{"rendered":"FP : LA FORMATION \u00c0 UN M\u00c9TIER SP\u00c9CIALIS\u00c9 AU TEMPS DE LA COVID-19"},"content":{"rendered":"\n<p> <\/p>\n\n\n\n<p>Parmi les d\u00e9fis particuliers  de la FP en p\u00e9riode de  pand\u00e9mie : l&rsquo;acquisition de  comp\u00e9tences essentielles  qui ne s&rsquo;apprenant que par la  pratique.<\/p>\n\n\n\n<div class=\"wp-block-button\"><a class=\"wp-block-button__link\" href=\"https:\/\/www.reseaureussitemontreal.ca\/dossiers-thematiques\/covid-19-et-reussite-educative\/fp-la-formation-a-un-metier-specialise-au-temps-de-la-covid-19\/\">Lire l&rsquo;article<\/a><\/div>\n","protected":false},"excerpt":{"rendered":"<p>Parmi les d\u00e9fis particuliers de la FP en p\u00e9riode de pand\u00e9mie : l&rsquo;acquisition de comp\u00e9tences essentielles qui ne s&rsquo;apprenant que par la pratique.<\/p>\n","protected":false},"author":6,"featured_media":4889,"comment_status":"closed","ping_status":"closed","sticky":false,"template":"","format":"link","meta":{"footnotes":"","_links_to":"","_links_to_target":""},"categories":[1],"tags":[379,358,317],"_links":{"self":[{"href":"http:\/\/accompagnementfga.ca\/SCFGAFP\/wp-json\/wp\/v2\/posts\/4863"}],"collection":[{"href":"http:\/\/accompagnementfga.ca\/SCFGAFP\/wp-json\/wp\/v2\/posts"}],"about":[{"href":"http:\/\/accompagnementfga.ca\/SCFGAFP\/wp-json\/wp\/v2\/types\/post"}],"author":[{"embeddable":true,"href":"http:\/\/accompagnementfga.ca\/SCFGAFP\/wp-json\/wp\/v2\/users\/6"}],"replies":[{"embeddable":true,"href":"http:\/\/accompagnementfga.ca\/SCFGAFP\/wp-json\/wp\/v2\/comments?post=4863"}],"version-history":[{"count":3,"href":"http:\/\/accompagnementfga.ca\/SCFGAFP\/wp-json\/wp\/v2\/posts\/4863\/revisions"}],"predecessor-version":[{"id":4890,"href":"http:\/\/accompagnementfga.ca\/SCFGAFP\/wp-json\/wp\/v2\/posts\/4863\/revisions\/4890"}],"wp:featuredmedia":[{"embeddable":true,"href":"http:\/\/accompagnementfga.ca\/SCFGAFP\/wp-json\/wp\/v2\/media\/4889"}],"wp:attachment":[{"href":"http:\/\/accompagnementfga.ca\/SCFGAFP\/wp-json\/wp\/v2\/media?parent=4863"}],"wp:term":[{"taxonomy":"category","embeddable":true,"href":"http:\/\/accompagnementfga.ca\/SCFGAFP\/wp-json\/wp\/v2\/categories?post=4863"},{"taxonomy":"post_tag","embeddable":true,"href":"http:\/\/accompagnementfga.ca\/SCFGAFP\/wp-json\/wp\/v2\/tags?post=4863"}],"curies":[{"name":"wp","href":"https:\/\/api.w.org\/{rel}","templated":true}]}}