{"id":4682,"date":"2020-05-16T06:00:48","date_gmt":"2020-05-16T10:00:48","guid":{"rendered":"http:\/\/accompagnementfga.ca\/SCFGAFP\/?p=4682"},"modified":"2020-05-11T10:11:33","modified_gmt":"2020-05-11T14:11:33","slug":"les-etudiants-disent-ne-pas-avoir-la-tete-aux-etudes-quen-dit-la-science","status":"publish","type":"post","link":"http:\/\/accompagnementfga.ca\/SCFGAFP\/2020\/05\/16\/les-etudiants-disent-ne-pas-avoir-la-tete-aux-etudes-quen-dit-la-science\/","title":{"rendered":"Les \u00e9tudiants disent ne pas avoir la t\u00eate aux \u00e9tudes\u2026 Qu&rsquo;en dit la science ?"},"content":{"rendered":"\n<p>Un article de B\u00e9atrice Pudelko via The Conversation qui fait le point sur la disponibilit\u00e9 des \u00e9l\u00e8ves \u00e0 s&rsquo;impliquer dans l&rsquo;enseignement \u00e0 distance en temps de pand\u00e9mie. <\/p>\n\n\n\n<div class=\"wp-block-button\"><a class=\"wp-block-button__link\" href=\"https:\/\/theconversation.com\/les-etudiants-disent-ne-pas-avoir-la-tete-aux-etudes-quen-dit-la-science-135802\">Lire l&rsquo;article<\/a><\/div>\n","protected":false},"excerpt":{"rendered":"<p>Un article de B\u00e9atrice Pudelko via The Conversation qui fait le point sur la disponibilit\u00e9 des \u00e9l\u00e8ves \u00e0 s&rsquo;impliquer dans l&rsquo;enseignement \u00e0 distance en temps de pand\u00e9mie.<\/p>\n","protected":false},"author":6,"featured_media":4700,"comment_status":"closed","ping_status":"closed","sticky":false,"template":"","format":"link","meta":{"footnotes":"","_links_to":"","_links_to_target":""},"categories":[1],"tags":[263,303],"_links":{"self":[{"href":"http:\/\/accompagnementfga.ca\/SCFGAFP\/wp-json\/wp\/v2\/posts\/4682"}],"collection":[{"href":"http:\/\/accompagnementfga.ca\/SCFGAFP\/wp-json\/wp\/v2\/posts"}],"about":[{"href":"http:\/\/accompagnementfga.ca\/SCFGAFP\/wp-json\/wp\/v2\/types\/post"}],"author":[{"embeddable":true,"href":"http:\/\/accompagnementfga.ca\/SCFGAFP\/wp-json\/wp\/v2\/users\/6"}],"replies":[{"embeddable":true,"href":"http:\/\/accompagnementfga.ca\/SCFGAFP\/wp-json\/wp\/v2\/comments?post=4682"}],"version-history":[{"count":2,"href":"http:\/\/accompagnementfga.ca\/SCFGAFP\/wp-json\/wp\/v2\/posts\/4682\/revisions"}],"predecessor-version":[{"id":4701,"href":"http:\/\/accompagnementfga.ca\/SCFGAFP\/wp-json\/wp\/v2\/posts\/4682\/revisions\/4701"}],"wp:featuredmedia":[{"embeddable":true,"href":"http:\/\/accompagnementfga.ca\/SCFGAFP\/wp-json\/wp\/v2\/media\/4700"}],"wp:attachment":[{"href":"http:\/\/accompagnementfga.ca\/SCFGAFP\/wp-json\/wp\/v2\/media?parent=4682"}],"wp:term":[{"taxonomy":"category","embeddable":true,"href":"http:\/\/accompagnementfga.ca\/SCFGAFP\/wp-json\/wp\/v2\/categories?post=4682"},{"taxonomy":"post_tag","embeddable":true,"href":"http:\/\/accompagnementfga.ca\/SCFGAFP\/wp-json\/wp\/v2\/tags?post=4682"}],"curies":[{"name":"wp","href":"https:\/\/api.w.org\/{rel}","templated":true}]}}