{"id":3988,"date":"2019-12-24T06:00:50","date_gmt":"2019-12-24T11:00:50","guid":{"rendered":"http:\/\/accompagnementfga.ca\/SCFGAFP\/?p=3988"},"modified":"2019-12-16T10:31:31","modified_gmt":"2019-12-16T15:31:31","slug":"experimentation-de-la-classe-inversee-bonifiee-par-les-technologies-un-projet-panquebecois-du-plan-daction-numerique","status":"publish","type":"post","link":"http:\/\/accompagnementfga.ca\/SCFGAFP\/2019\/12\/24\/experimentation-de-la-classe-inversee-bonifiee-par-les-technologies-un-projet-panquebecois-du-plan-daction-numerique\/","title":{"rendered":"Exp\u00e9rimentation de la classe invers\u00e9e bonifi\u00e9e par les technologies : un projet panqu\u00e9b\u00e9cois du Plan d\u2019action num\u00e9rique"},"content":{"rendered":"\n<p>\n\n\u00c0 l\u2019heure actuelle, dans le r\u00e9seau coll\u00e9gial qu\u00e9b\u00e9cois, plusieurs enseignants adoptent la&nbsp;<strong>p\u00e9dagogie invers\u00e9e<\/strong>&nbsp;et y int\u00e8grent des&nbsp;<strong>strat\u00e9gies de l\u2019enseignement \u00e0 distance<\/strong>&nbsp;pour provoquer des apprentissages significatifs chez leurs \u00e9tudiants. Au cours de la session d\u2019automne 2019, le C\u00e9gep \u00e0 distance a collabor\u00e9 avec le C\u00e9gep de Chicoutimi, le C\u00e9gep Limoilou, le C\u00e9gep Marie-Victorin et le Coll\u00e8ge r\u00e9gional Champlain Saint-Lambert pour un projet d\u2019innovation subventionn\u00e9 par le minist\u00e8re de l\u2019\u00c9ducation et de l\u2019Enseignement sup\u00e9rieur (MEES) dans le cadre de son&nbsp;<a href=\"https:\/\/www.profweb.ca\/publications\/articles\/a-la-decouverte-des-projets-technopedagogiques-des-colleges-finances-dans-le-cadre-du-plan-d-action-numerique\">Plan d\u2019action num\u00e9rique<\/a>&nbsp;(PAN).\n\n<\/p>\n\n\n\n<div class=\"wp-block-button\"><a class=\"wp-block-button__link\" href=\"https:\/\/www.profweb.ca\/publications\/articles\/experimentation-de-la-classe-inversee-bonifiee-par-les-technologies-un-projet-panquebecois-du-plan-d-action-numerique\">Lire l&rsquo;article<\/a><\/div>\n","protected":false},"excerpt":{"rendered":"<p>\u00c0 l\u2019heure actuelle, dans le r\u00e9seau coll\u00e9gial qu\u00e9b\u00e9cois, plusieurs enseignants adoptent la&nbsp;p\u00e9dagogie invers\u00e9e&nbsp;et y int\u00e8grent des&nbsp;strat\u00e9gies de l\u2019enseignement \u00e0 distance&nbsp;pour provoquer des apprentissages significatifs chez leurs \u00e9tudiants. Au cours de la session d\u2019automne 2019, le C\u00e9gep \u00e0 distance a collabor\u00e9 avec le C\u00e9gep de Chicoutimi,&#8230;<\/p>\n","protected":false},"author":6,"featured_media":4094,"comment_status":"closed","ping_status":"closed","sticky":false,"template":"","format":"link","meta":{"footnotes":"","_links_to":"","_links_to_target":""},"categories":[1],"tags":[152,151],"_links":{"self":[{"href":"http:\/\/accompagnementfga.ca\/SCFGAFP\/wp-json\/wp\/v2\/posts\/3988"}],"collection":[{"href":"http:\/\/accompagnementfga.ca\/SCFGAFP\/wp-json\/wp\/v2\/posts"}],"about":[{"href":"http:\/\/accompagnementfga.ca\/SCFGAFP\/wp-json\/wp\/v2\/types\/post"}],"author":[{"embeddable":true,"href":"http:\/\/accompagnementfga.ca\/SCFGAFP\/wp-json\/wp\/v2\/users\/6"}],"replies":[{"embeddable":true,"href":"http:\/\/accompagnementfga.ca\/SCFGAFP\/wp-json\/wp\/v2\/comments?post=3988"}],"version-history":[{"count":2,"href":"http:\/\/accompagnementfga.ca\/SCFGAFP\/wp-json\/wp\/v2\/posts\/3988\/revisions"}],"predecessor-version":[{"id":4095,"href":"http:\/\/accompagnementfga.ca\/SCFGAFP\/wp-json\/wp\/v2\/posts\/3988\/revisions\/4095"}],"wp:featuredmedia":[{"embeddable":true,"href":"http:\/\/accompagnementfga.ca\/SCFGAFP\/wp-json\/wp\/v2\/media\/4094"}],"wp:attachment":[{"href":"http:\/\/accompagnementfga.ca\/SCFGAFP\/wp-json\/wp\/v2\/media?parent=3988"}],"wp:term":[{"taxonomy":"category","embeddable":true,"href":"http:\/\/accompagnementfga.ca\/SCFGAFP\/wp-json\/wp\/v2\/categories?post=3988"},{"taxonomy":"post_tag","embeddable":true,"href":"http:\/\/accompagnementfga.ca\/SCFGAFP\/wp-json\/wp\/v2\/tags?post=3988"}],"curies":[{"name":"wp","href":"https:\/\/api.w.org\/{rel}","templated":true}]}}