{"id":3678,"date":"2019-10-16T06:00:13","date_gmt":"2019-10-16T10:00:13","guid":{"rendered":"http:\/\/accompagnementfga.ca\/SCFGAFP\/?p=3678"},"modified":"2019-10-12T11:03:56","modified_gmt":"2019-10-12T15:03:56","slug":"970-331","status":"publish","type":"post","link":"http:\/\/accompagnementfga.ca\/SCFGAFP\/2019\/10\/16\/970-331\/","title":{"rendered":"Orthographe pour scientifiques : une nouvelle ressource multim\u00e9dia au CCDMD"},"content":{"rendered":"<section class=\"wpb-content-wrapper\"><p>[vc_row row_type=\u00a0\u00bbrow\u00a0\u00bb use_row_as_full_screen_section=\u00a0\u00bbno\u00a0\u00bb type=\u00a0\u00bbfull_width\u00a0\u00bb text_align=\u00a0\u00bbleft\u00a0\u00bb css_animation=\u00a0\u00bb\u00a0\u00bb][vc_column][vc_column_text]Cet article est une adaptation d&rsquo;<a class=\" externe\" title=\"S\u2019ouvre dans une nouvelle fen\u00eatre.\" href=\"http:\/\/correspo.ccdmd.qc.ca\/index.php\/document\/orthographe-pour-scientifiques-une-nouvelle-ressource-multimedia-au-ccdmd\/\" target=\"_blank\" rel=\"noopener noreferrer\">un texte<\/a>\u00a0paru dans\u00a0<a class=\" externe\" title=\"S\u2019ouvre dans une nouvelle fen\u00eatre.\" href=\"http:\/\/correspo.ccdmd.qc.ca\/\" target=\"_blank\" rel=\"noopener noreferrer\">Correspondance<\/a>, revue web sur la valorisation du fran\u00e7ais en milieu coll\u00e9gial publi\u00e9e par le\u00a0<a href=\"https:\/\/www.profweb.ca\/partenaires\/ccdmd\">Centre coll\u00e9gial de d\u00e9veloppement de mat\u00e9riel didactique (CCDMD)<\/a>.[\/vc_column_text][vc_separator type=\u00a0\u00bbtransparent\u00a0\u00bb border_style=\u00a0\u00bb\u00a0\u00bb]<a href=\"https:\/\/www.profweb.ca\/publications\/outils-numeriques\/orthographe-pour-scientifiques-une-nouvelle-ressource-multimedia-au-ccdmd\" target=\"_blank\"  class=\"qbutton  qbutton_with_icon\" style=\"\">Lire l'article sur le site https:\/\/www.profweb.ca\/<i class=\"button_icon  fa fa-link\" style=\"\"><\/i><\/a>[vc_separator type=\u00a0\u00bbtransparent\u00a0\u00bb border_style=\u00a0\u00bb\u00a0\u00bb][vc_separator type=\u00a0\u00bbtransparent\u00a0\u00bb border_style=\u00a0\u00bb\u00a0\u00bb][vc_separator type=\u00a0\u00bbtransparent\u00a0\u00bb border_style=\u00a0\u00bb\u00a0\u00bb][\/vc_column][\/vc_row]<\/p>\n<\/section>","protected":false},"excerpt":{"rendered":"<p>[vc_row row_type=\u00a0\u00bbrow\u00a0\u00bb use_row_as_full_screen_section=\u00a0\u00bbno\u00a0\u00bb type=\u00a0\u00bbfull_width\u00a0\u00bb text_align=\u00a0\u00bbleft\u00a0\u00bb css_animation=\u00a0\u00bb\u00a0\u00bb][vc_column][vc_column_text]Cet article est une adaptation d&rsquo;un texte\u00a0paru dans\u00a0Correspondance, revue web sur la valorisation du fran\u00e7ais en milieu coll\u00e9gial publi\u00e9e par le\u00a0Centre coll\u00e9gial de d\u00e9veloppement de mat\u00e9riel didactique (CCDMD).[\/vc_column_text][vc_separator type=\u00a0\u00bbtransparent\u00a0\u00bb border_style=\u00a0\u00bb\u00a0\u00bb][vc_separator type=\u00a0\u00bbtransparent\u00a0\u00bb border_style=\u00a0\u00bb\u00a0\u00bb][vc_separator type=\u00a0\u00bbtransparent\u00a0\u00bb border_style=\u00a0\u00bb\u00a0\u00bb][vc_separator type=\u00a0\u00bbtransparent\u00a0\u00bb border_style=\u00a0\u00bb\u00a0\u00bb][\/vc_column][\/vc_row]<\/p>\n","protected":false},"author":6,"featured_media":3679,"comment_status":"closed","ping_status":"closed","sticky":false,"template":"","format":"link","meta":{"footnotes":"","_links_to":"","_links_to_target":""},"categories":[1],"tags":[8],"_links":{"self":[{"href":"http:\/\/accompagnementfga.ca\/SCFGAFP\/wp-json\/wp\/v2\/posts\/3678"}],"collection":[{"href":"http:\/\/accompagnementfga.ca\/SCFGAFP\/wp-json\/wp\/v2\/posts"}],"about":[{"href":"http:\/\/accompagnementfga.ca\/SCFGAFP\/wp-json\/wp\/v2\/types\/post"}],"author":[{"embeddable":true,"href":"http:\/\/accompagnementfga.ca\/SCFGAFP\/wp-json\/wp\/v2\/users\/6"}],"replies":[{"embeddable":true,"href":"http:\/\/accompagnementfga.ca\/SCFGAFP\/wp-json\/wp\/v2\/comments?post=3678"}],"version-history":[{"count":2,"href":"http:\/\/accompagnementfga.ca\/SCFGAFP\/wp-json\/wp\/v2\/posts\/3678\/revisions"}],"predecessor-version":[{"id":3681,"href":"http:\/\/accompagnementfga.ca\/SCFGAFP\/wp-json\/wp\/v2\/posts\/3678\/revisions\/3681"}],"wp:featuredmedia":[{"embeddable":true,"href":"http:\/\/accompagnementfga.ca\/SCFGAFP\/wp-json\/wp\/v2\/media\/3679"}],"wp:attachment":[{"href":"http:\/\/accompagnementfga.ca\/SCFGAFP\/wp-json\/wp\/v2\/media?parent=3678"}],"wp:term":[{"taxonomy":"category","embeddable":true,"href":"http:\/\/accompagnementfga.ca\/SCFGAFP\/wp-json\/wp\/v2\/categories?post=3678"},{"taxonomy":"post_tag","embeddable":true,"href":"http:\/\/accompagnementfga.ca\/SCFGAFP\/wp-json\/wp\/v2\/tags?post=3678"}],"curies":[{"name":"wp","href":"https:\/\/api.w.org\/{rel}","templated":true}]}}