{"id":3591,"date":"2019-08-28T14:20:05","date_gmt":"2019-08-28T18:20:05","guid":{"rendered":"http:\/\/accompagnementfga.ca\/SCFGAFP\/?p=3591"},"modified":"2019-08-28T14:20:05","modified_gmt":"2019-08-28T18:20:05","slug":"970-314","status":"publish","type":"post","link":"http:\/\/accompagnementfga.ca\/SCFGAFP\/2019\/08\/28\/970-314\/","title":{"rendered":"Apprentissage de strat\u00e9gies m\u00e9tacognitives et d\u2019autor\u00e9gulation"},"content":{"rendered":"<section class=\"wpb-content-wrapper\"><p>[vc_row row_type=\u00a0\u00bbrow\u00a0\u00bb use_row_as_full_screen_section=\u00a0\u00bbno\u00a0\u00bb type=\u00a0\u00bbfull_width\u00a0\u00bb text_align=\u00a0\u00bbleft\u00a0\u00bb css_animation=\u00a0\u00bb\u00a0\u00bb][vc_column][vc_column_text]\u00ab Il est prouv\u00e9 que l\u2019utilisation de \u00ab strat\u00e9gies m\u00e9tacognitives \u00bb \u2013 qui incitent les \u00e9l\u00e8ves \u00e0 r\u00e9fl\u00e9chir \u00e0 leur propre apprentissage \u2013 peut valoir l\u2019\u00e9quivalent de +7 mois de progr\u00e8s suppl\u00e9mentaires si elles sont bien utilis\u00e9es. Cependant, si l\u2019impact potentiel de ces approches est tr\u00e8s \u00e9lev\u00e9, en particulier pour les \u00e9l\u00e8ves d\u00e9favoris\u00e9s, on en sait moins sur la mani\u00e8re de les appliquer efficacement en classe. \u00bb[\/vc_column_text][vc_separator type=\u00a0\u00bbtransparent\u00a0\u00bb border_style=\u00a0\u00bb\u00a0\u00bb]<a href=\"http:\/\/rire.ctreq.qc.ca\/2019\/08\/apprentissage-de-strategies-metacognitives-et-dautoregulation\/?utm_medium=email&amp;utm_campaign=Daily%20Rire_ctreqs%20Favorite%20Links%20from%20Diigo&amp;utm_content=Daily%20Rire_ctreqs%20Favorite%20Links%20from%20Diigo+CID_48f630819a8dd24c469d325e2a31e40d&amp;utm_source=InfoCTREQ&amp;utm_term=Apprentissage%20de%20stratgies%20mtacognitives%20et%20dautorgulation%20RIRE\" target=\"_blank\"  class=\"qbutton  qbutton_with_icon\" style=\"\">Lire l'article sur le site http:\/\/rire.ctreq.qc.ca<i class=\"button_icon  fa fa-link\" style=\"\"><\/i><\/a>[vc_separator type=\u00a0\u00bbtransparent\u00a0\u00bb border_style=\u00a0\u00bb\u00a0\u00bb][vc_separator type=\u00a0\u00bbtransparent\u00a0\u00bb border_style=\u00a0\u00bb\u00a0\u00bb][vc_separator type=\u00a0\u00bbtransparent\u00a0\u00bb border_style=\u00a0\u00bb\u00a0\u00bb][\/vc_column][\/vc_row]<\/p>\n<\/section>","protected":false},"excerpt":{"rendered":"<p>[vc_row row_type=\u00a0\u00bbrow\u00a0\u00bb use_row_as_full_screen_section=\u00a0\u00bbno\u00a0\u00bb type=\u00a0\u00bbfull_width\u00a0\u00bb text_align=\u00a0\u00bbleft\u00a0\u00bb css_animation=\u00a0\u00bb\u00a0\u00bb][vc_column][vc_column_text]\u00ab Il est prouv\u00e9 que l\u2019utilisation de \u00ab strat\u00e9gies m\u00e9tacognitives \u00bb \u2013 qui incitent les \u00e9l\u00e8ves \u00e0 r\u00e9fl\u00e9chir \u00e0 leur propre apprentissage \u2013 peut valoir l\u2019\u00e9quivalent de +7 mois de progr\u00e8s suppl\u00e9mentaires si elles sont bien utilis\u00e9es. Cependant, si l\u2019impact&#8230;<\/p>\n","protected":false},"author":5,"featured_media":660,"comment_status":"closed","ping_status":"closed","sticky":false,"template":"","format":"link","meta":{"footnotes":"","_links_to":"","_links_to_target":""},"categories":[2,1],"tags":[8],"_links":{"self":[{"href":"http:\/\/accompagnementfga.ca\/SCFGAFP\/wp-json\/wp\/v2\/posts\/3591"}],"collection":[{"href":"http:\/\/accompagnementfga.ca\/SCFGAFP\/wp-json\/wp\/v2\/posts"}],"about":[{"href":"http:\/\/accompagnementfga.ca\/SCFGAFP\/wp-json\/wp\/v2\/types\/post"}],"author":[{"embeddable":true,"href":"http:\/\/accompagnementfga.ca\/SCFGAFP\/wp-json\/wp\/v2\/users\/5"}],"replies":[{"embeddable":true,"href":"http:\/\/accompagnementfga.ca\/SCFGAFP\/wp-json\/wp\/v2\/comments?post=3591"}],"version-history":[{"count":1,"href":"http:\/\/accompagnementfga.ca\/SCFGAFP\/wp-json\/wp\/v2\/posts\/3591\/revisions"}],"predecessor-version":[{"id":3603,"href":"http:\/\/accompagnementfga.ca\/SCFGAFP\/wp-json\/wp\/v2\/posts\/3591\/revisions\/3603"}],"wp:featuredmedia":[{"embeddable":true,"href":"http:\/\/accompagnementfga.ca\/SCFGAFP\/wp-json\/wp\/v2\/media\/660"}],"wp:attachment":[{"href":"http:\/\/accompagnementfga.ca\/SCFGAFP\/wp-json\/wp\/v2\/media?parent=3591"}],"wp:term":[{"taxonomy":"category","embeddable":true,"href":"http:\/\/accompagnementfga.ca\/SCFGAFP\/wp-json\/wp\/v2\/categories?post=3591"},{"taxonomy":"post_tag","embeddable":true,"href":"http:\/\/accompagnementfga.ca\/SCFGAFP\/wp-json\/wp\/v2\/tags?post=3591"}],"curies":[{"name":"wp","href":"https:\/\/api.w.org\/{rel}","templated":true}]}}