{"id":3266,"date":"2019-02-28T09:01:58","date_gmt":"2019-02-28T14:01:58","guid":{"rendered":"http:\/\/accompagnementfga.ca\/SCFGAFP\/?p=3266"},"modified":"2019-02-28T09:01:58","modified_gmt":"2019-02-28T14:01:58","slug":"970-207","status":"publish","type":"post","link":"http:\/\/accompagnementfga.ca\/SCFGAFP\/2019\/02\/28\/970-207\/","title":{"rendered":"\u00c9valuer pour que \u00e7a compte vraiment"},"content":{"rendered":"<section class=\"wpb-content-wrapper\"><p>[vc_row row_type=\u00a0\u00bbrow\u00a0\u00bb use_row_as_full_screen_section=\u00a0\u00bbno\u00a0\u00bb type=\u00a0\u00bbfull_width\u00a0\u00bb text_align=\u00a0\u00bbleft\u00a0\u00bb css_animation=\u00a0\u00bb\u00a0\u00bb][vc_column][vc_column_text]\u00c0 mesure que se sont d\u00e9velopp\u00e9es les sciences de l\u2019\u00e9ducation, la fa\u00e7on d\u2019envisager l\u2019\u00e9valuation des apprentissages s\u2019est modifi\u00e9e. Au d\u00e9part circonscrite \u00e0 la mesure et au classement, elle devrait dor\u00e9navant non seulement t\u00e9moigner des acquis, mais surtout contribuer de fa\u00e7on concr\u00e8te \u00e0 l\u2019apprentissage. On souhaiterait donc que l\u2019\u00e9valuation ne soit plus per\u00e7ue uniquement comme un verdict de la personne qui enseigne, mais \u00e9galement comme un exercice de r\u00e9flexion auquel la personne \u00e9valu\u00e9e participe.[\/vc_column_text][vc_separator type=\u00a0\u00bbtransparent\u00a0\u00bb border_style=\u00a0\u00bb\u00a0\u00bb]<a href=\"https:\/\/www.cse.gouv.qc.ca\/fichiers\/documents\/publications\/CEBE\/50-0508.pdf\" target=\"_blank\"  class=\"qbutton  qbutton_with_icon\" style=\"\">Lire l'article sur le site https:\/\/www.cse.gouv.qc.ca\/<i class=\"button_icon  fa fa-link\" style=\"\"><\/i><\/a>[vc_separator type=\u00a0\u00bbtransparent\u00a0\u00bb border_style=\u00a0\u00bb\u00a0\u00bb][vc_separator type=\u00a0\u00bbtransparent\u00a0\u00bb border_style=\u00a0\u00bb\u00a0\u00bb][vc_separator type=\u00a0\u00bbtransparent\u00a0\u00bb border_style=\u00a0\u00bb\u00a0\u00bb][\/vc_column][\/vc_row]<\/p>\n<\/section>","protected":false},"excerpt":{"rendered":"<p>[vc_row row_type=\u00a0\u00bbrow\u00a0\u00bb use_row_as_full_screen_section=\u00a0\u00bbno\u00a0\u00bb type=\u00a0\u00bbfull_width\u00a0\u00bb text_align=\u00a0\u00bbleft\u00a0\u00bb css_animation=\u00a0\u00bb\u00a0\u00bb][vc_column][vc_column_text]\u00c0 mesure que se sont d\u00e9velopp\u00e9es les sciences de l\u2019\u00e9ducation, la fa\u00e7on d\u2019envisager l\u2019\u00e9valuation des apprentissages s\u2019est modifi\u00e9e. Au d\u00e9part circonscrite \u00e0 la mesure et au classement, elle devrait dor\u00e9navant non seulement t\u00e9moigner des acquis, mais surtout contribuer de fa\u00e7on&#8230;<\/p>\n","protected":false},"author":5,"featured_media":3278,"comment_status":"closed","ping_status":"closed","sticky":false,"template":"","format":"link","meta":{"footnotes":"","_links_to":"","_links_to_target":""},"categories":[2,37,1],"tags":[8],"_links":{"self":[{"href":"http:\/\/accompagnementfga.ca\/SCFGAFP\/wp-json\/wp\/v2\/posts\/3266"}],"collection":[{"href":"http:\/\/accompagnementfga.ca\/SCFGAFP\/wp-json\/wp\/v2\/posts"}],"about":[{"href":"http:\/\/accompagnementfga.ca\/SCFGAFP\/wp-json\/wp\/v2\/types\/post"}],"author":[{"embeddable":true,"href":"http:\/\/accompagnementfga.ca\/SCFGAFP\/wp-json\/wp\/v2\/users\/5"}],"replies":[{"embeddable":true,"href":"http:\/\/accompagnementfga.ca\/SCFGAFP\/wp-json\/wp\/v2\/comments?post=3266"}],"version-history":[{"count":1,"href":"http:\/\/accompagnementfga.ca\/SCFGAFP\/wp-json\/wp\/v2\/posts\/3266\/revisions"}],"predecessor-version":[{"id":3279,"href":"http:\/\/accompagnementfga.ca\/SCFGAFP\/wp-json\/wp\/v2\/posts\/3266\/revisions\/3279"}],"wp:featuredmedia":[{"embeddable":true,"href":"http:\/\/accompagnementfga.ca\/SCFGAFP\/wp-json\/wp\/v2\/media\/3278"}],"wp:attachment":[{"href":"http:\/\/accompagnementfga.ca\/SCFGAFP\/wp-json\/wp\/v2\/media?parent=3266"}],"wp:term":[{"taxonomy":"category","embeddable":true,"href":"http:\/\/accompagnementfga.ca\/SCFGAFP\/wp-json\/wp\/v2\/categories?post=3266"},{"taxonomy":"post_tag","embeddable":true,"href":"http:\/\/accompagnementfga.ca\/SCFGAFP\/wp-json\/wp\/v2\/tags?post=3266"}],"curies":[{"name":"wp","href":"https:\/\/api.w.org\/{rel}","templated":true}]}}