{"id":3264,"date":"2019-02-26T15:49:32","date_gmt":"2019-02-26T20:49:32","guid":{"rendered":"http:\/\/accompagnementfga.ca\/SCFGAFP\/?p=3264"},"modified":"2020-07-10T09:07:21","modified_gmt":"2020-07-10T13:07:21","slug":"970-203","status":"publish","type":"post","link":"http:\/\/accompagnementfga.ca\/SCFGAFP\/2019\/02\/26\/970-203\/","title":{"rendered":"R\u00e9f\u00e9rentiel de l\u2019Agir comp\u00e9tent en conseillance p\u00e9dagogique en soutien \u00e0 la r\u00e9ussite des \u00e9l\u00e8ves"},"content":{"rendered":"<section class=\"wpb-content-wrapper\"><p>[vc_row row_type=\u00a0\u00bbrow\u00a0\u00bb use_row_as_full_screen_section=\u00a0\u00bbno\u00a0\u00bb type=\u00a0\u00bbfull_width\u00a0\u00bb text_align=\u00a0\u00bbleft\u00a0\u00bb css_animation=\u00a0\u00bb\u00a0\u00bb][vc_column][vc_column_text]Une recherche men\u00e9e de 2015 \u00e0 2018 a permis de d\u00e9gager quatre situations embl\u00e9matiques de l\u2019agir comp\u00e9tent en conseillance p\u00e9dagogique qui se manifeste par la mobilisation, la combinaison ou l\u2019adaptation d\u2019un faisceau de ressources dans une situation professionnelle afin d\u2019y poser des actions organis\u00e9es en un syst\u00e8me. L\u2019agir comp\u00e9tent se d\u00e9veloppe dans l\u2019action et par l\u2019action. Conseiller, former, accompagner, innover sont les quatre vecteurs sur lesquels se d\u00e9ploient les interventions professionnelles des conseill\u00e8res et des conseillers p\u00e9dagogiques des Centres de services scolaires du Qu\u00e9bec. Ce qui\u00a0 caract\u00e9rise l\u2019agir comp\u00e9tent est la capacit\u00e9 de prise de recul par une conseill\u00e8re ou un conseiller afin de conserver une distanciation sur l\u2019action.[\/vc_column_text][vc_separator type=\u00a0\u00bbtransparent\u00a0\u00bb border_style=\u00a0\u00bb\u00a0\u00bb]<a href=\"http:\/\/www.accpq.org\/referentiel-de-lagir-competent-en-conseillance-pedagogique-en-soutien-a-la-reussite-des-eleves-version-numerique\/\" target=\"_blank\"  class=\"qbutton  qbutton_with_icon\" style=\"\">Lire l'article sur le site http:\/\/www.accpq.org<i class=\"button_icon  fa fa-link\" style=\"\"><\/i><\/a>[vc_separator type=\u00a0\u00bbtransparent\u00a0\u00bb border_style=\u00a0\u00bb\u00a0\u00bb][vc_separator type=\u00a0\u00bbtransparent\u00a0\u00bb border_style=\u00a0\u00bb\u00a0\u00bb][vc_separator type=\u00a0\u00bbtransparent\u00a0\u00bb border_style=\u00a0\u00bb\u00a0\u00bb][\/vc_column][\/vc_row]<\/p>\n<\/section>","protected":false},"excerpt":{"rendered":"<p>[vc_row row_type=\u00a0\u00bbrow\u00a0\u00bb use_row_as_full_screen_section=\u00a0\u00bbno\u00a0\u00bb type=\u00a0\u00bbfull_width\u00a0\u00bb text_align=\u00a0\u00bbleft\u00a0\u00bb css_animation=\u00a0\u00bb\u00a0\u00bb][vc_column][vc_column_text]Une recherche men\u00e9e de 2015 \u00e0 2018 a permis de d\u00e9gager quatre situations embl\u00e9matiques de l\u2019agir comp\u00e9tent en conseillance p\u00e9dagogique qui se manifeste par la mobilisation, la combinaison ou l\u2019adaptation d\u2019un faisceau de ressources dans une situation professionnelle afin d\u2019y&#8230;<\/p>\n","protected":false},"author":5,"featured_media":1048,"comment_status":"closed","ping_status":"closed","sticky":false,"template":"","format":"link","meta":{"footnotes":"","_links_to":"","_links_to_target":""},"categories":[2,37,1],"tags":[8],"_links":{"self":[{"href":"http:\/\/accompagnementfga.ca\/SCFGAFP\/wp-json\/wp\/v2\/posts\/3264"}],"collection":[{"href":"http:\/\/accompagnementfga.ca\/SCFGAFP\/wp-json\/wp\/v2\/posts"}],"about":[{"href":"http:\/\/accompagnementfga.ca\/SCFGAFP\/wp-json\/wp\/v2\/types\/post"}],"author":[{"embeddable":true,"href":"http:\/\/accompagnementfga.ca\/SCFGAFP\/wp-json\/wp\/v2\/users\/5"}],"replies":[{"embeddable":true,"href":"http:\/\/accompagnementfga.ca\/SCFGAFP\/wp-json\/wp\/v2\/comments?post=3264"}],"version-history":[{"count":2,"href":"http:\/\/accompagnementfga.ca\/SCFGAFP\/wp-json\/wp\/v2\/posts\/3264\/revisions"}],"predecessor-version":[{"id":4968,"href":"http:\/\/accompagnementfga.ca\/SCFGAFP\/wp-json\/wp\/v2\/posts\/3264\/revisions\/4968"}],"wp:featuredmedia":[{"embeddable":true,"href":"http:\/\/accompagnementfga.ca\/SCFGAFP\/wp-json\/wp\/v2\/media\/1048"}],"wp:attachment":[{"href":"http:\/\/accompagnementfga.ca\/SCFGAFP\/wp-json\/wp\/v2\/media?parent=3264"}],"wp:term":[{"taxonomy":"category","embeddable":true,"href":"http:\/\/accompagnementfga.ca\/SCFGAFP\/wp-json\/wp\/v2\/categories?post=3264"},{"taxonomy":"post_tag","embeddable":true,"href":"http:\/\/accompagnementfga.ca\/SCFGAFP\/wp-json\/wp\/v2\/tags?post=3264"}],"curies":[{"name":"wp","href":"https:\/\/api.w.org\/{rel}","templated":true}]}}