{"id":3202,"date":"2019-02-26T08:35:28","date_gmt":"2019-02-26T13:35:28","guid":{"rendered":"http:\/\/accompagnementfga.ca\/SCFGAFP\/?p=3202"},"modified":"2019-02-26T08:35:28","modified_gmt":"2019-02-26T13:35:28","slug":"970-202","status":"publish","type":"post","link":"http:\/\/accompagnementfga.ca\/SCFGAFP\/2019\/02\/26\/970-202\/","title":{"rendered":"Enjeux de la formation \u00e0 distance"},"content":{"rendered":"<section class=\"wpb-content-wrapper\"><p>[vc_row row_type=\u00a0\u00bbrow\u00a0\u00bb use_row_as_full_screen_section=\u00a0\u00bbno\u00a0\u00bb type=\u00a0\u00bbfull_width\u00a0\u00bb text_align=\u00a0\u00bbleft\u00a0\u00bb css_animation=\u00a0\u00bb\u00a0\u00bb][vc_column][vc_column_text]Cette\u00a0<a href=\"http:\/\/www.uquebec.ca\/dri\/publications.htm\">analyse<\/a>\u00a0pr\u00e9sente un portrait-type des \u00e9tudiants en formation \u00e0 distance (FAD), de m\u00eame qu\u2019un examen des conditions de r\u00e9ussite pour mettre en lumi\u00e8re les obstacles rencontr\u00e9s dans leur parcours.<\/p>\n<p>Certaines questions ont guid\u00e9 la r\u00e9flexion : \u00e0 qui la formation \u00e0 distance convient-elle ? Qui sont les \u00e9tudiants qui optent pour ce mode d\u2019\u00e9tudes et pourquoi le choisissent-t-ils ? Quelles sont les conditions de r\u00e9ussite dans un contexte de FAD ?[\/vc_column_text][vc_separator type=\u00a0\u00bbtransparent\u00a0\u00bb border_style=\u00a0\u00bb\u00a0\u00bb]<a href=\"http:\/\/www.capres.ca\/enseignement-et-apprentissage\/formation-a-distance-et-formation-continue\/enjeux-de-la-formation-a-distance-publication\/\" target=\"_blank\"  class=\"qbutton  qbutton_with_icon\" style=\"\">Lire l'article sur le site http:\/\/www.capres.ca\/<i class=\"button_icon  fa fa-link\" style=\"\"><\/i><\/a>[vc_separator type=\u00a0\u00bbtransparent\u00a0\u00bb border_style=\u00a0\u00bb\u00a0\u00bb][vc_separator type=\u00a0\u00bbtransparent\u00a0\u00bb border_style=\u00a0\u00bb\u00a0\u00bb][vc_separator type=\u00a0\u00bbtransparent\u00a0\u00bb border_style=\u00a0\u00bb\u00a0\u00bb][\/vc_column][\/vc_row]<\/p>\n<\/section>","protected":false},"excerpt":{"rendered":"<p>[vc_row row_type=\u00a0\u00bbrow\u00a0\u00bb use_row_as_full_screen_section=\u00a0\u00bbno\u00a0\u00bb type=\u00a0\u00bbfull_width\u00a0\u00bb text_align=\u00a0\u00bbleft\u00a0\u00bb css_animation=\u00a0\u00bb\u00a0\u00bb][vc_column][vc_column_text]Cette\u00a0analyse\u00a0pr\u00e9sente un portrait-type des \u00e9tudiants en formation \u00e0 distance (FAD), de m\u00eame qu\u2019un examen des conditions de r\u00e9ussite pour mettre en lumi\u00e8re les obstacles rencontr\u00e9s dans leur parcours. Certaines questions ont guid\u00e9 la r\u00e9flexion : \u00e0 qui la formation \u00e0&#8230;<\/p>\n","protected":false},"author":5,"featured_media":464,"comment_status":"closed","ping_status":"closed","sticky":false,"template":"","format":"link","meta":{"footnotes":"","_links_to":"","_links_to_target":""},"categories":[1],"tags":[8],"_links":{"self":[{"href":"http:\/\/accompagnementfga.ca\/SCFGAFP\/wp-json\/wp\/v2\/posts\/3202"}],"collection":[{"href":"http:\/\/accompagnementfga.ca\/SCFGAFP\/wp-json\/wp\/v2\/posts"}],"about":[{"href":"http:\/\/accompagnementfga.ca\/SCFGAFP\/wp-json\/wp\/v2\/types\/post"}],"author":[{"embeddable":true,"href":"http:\/\/accompagnementfga.ca\/SCFGAFP\/wp-json\/wp\/v2\/users\/5"}],"replies":[{"embeddable":true,"href":"http:\/\/accompagnementfga.ca\/SCFGAFP\/wp-json\/wp\/v2\/comments?post=3202"}],"version-history":[{"count":1,"href":"http:\/\/accompagnementfga.ca\/SCFGAFP\/wp-json\/wp\/v2\/posts\/3202\/revisions"}],"predecessor-version":[{"id":3262,"href":"http:\/\/accompagnementfga.ca\/SCFGAFP\/wp-json\/wp\/v2\/posts\/3202\/revisions\/3262"}],"wp:featuredmedia":[{"embeddable":true,"href":"http:\/\/accompagnementfga.ca\/SCFGAFP\/wp-json\/wp\/v2\/media\/464"}],"wp:attachment":[{"href":"http:\/\/accompagnementfga.ca\/SCFGAFP\/wp-json\/wp\/v2\/media?parent=3202"}],"wp:term":[{"taxonomy":"category","embeddable":true,"href":"http:\/\/accompagnementfga.ca\/SCFGAFP\/wp-json\/wp\/v2\/categories?post=3202"},{"taxonomy":"post_tag","embeddable":true,"href":"http:\/\/accompagnementfga.ca\/SCFGAFP\/wp-json\/wp\/v2\/tags?post=3202"}],"curies":[{"name":"wp","href":"https:\/\/api.w.org\/{rel}","templated":true}]}}