{"id":3201,"date":"2019-02-25T15:28:02","date_gmt":"2019-02-25T20:28:02","guid":{"rendered":"http:\/\/accompagnementfga.ca\/SCFGAFP\/?p=3201"},"modified":"2019-02-25T15:28:02","modified_gmt":"2019-02-25T20:28:02","slug":"970-201","status":"publish","type":"post","link":"http:\/\/accompagnementfga.ca\/SCFGAFP\/2019\/02\/25\/970-201\/","title":{"rendered":"Les dou\u00e9s, ces oubli\u00e9s"},"content":{"rendered":"<section class=\"wpb-content-wrapper\"><p>[vc_row row_type=\u00a0\u00bbrow\u00a0\u00bb use_row_as_full_screen_section=\u00a0\u00bbno\u00a0\u00bb type=\u00a0\u00bbfull_width\u00a0\u00bb text_align=\u00a0\u00bbleft\u00a0\u00bb css_animation=\u00a0\u00bb\u00a0\u00bb][vc_column][vc_column_text]La douance chez l\u2019enfant demeure encore tr\u00e8s peu connue, rapportait Radio-Canada en janvier dernier. Pourtant, \u00ab on sait pertinemment aujourd\u2019hui que les enfants surdou\u00e9s ont des besoins particuliers \u00bb, notamment en mati\u00e8re de rapidit\u00e9 d\u2019apprentissage, de r\u00e9duction de la r\u00e9p\u00e9tition et de qualit\u00e9 de l\u2019enseignement, faisait valoir la psychologue et neuropsychologue Marianne B\u00e9langer. \u00ab Si ces besoins ne sont pas remplis, ils vont sous-performer, mais ils vont surtout risquer de d\u00e9velopper des difficult\u00e9s de sant\u00e9 psychologique. \u00bb[\/vc_column_text][vc_separator type=\u00a0\u00bbtransparent\u00a0\u00bb border_style=\u00a0\u00bb\u00a0\u00bb]<a href=\"https:\/\/www.lesoleil.com\/chroniques\/marie-eve-lambert\/les-doues-ces-oublies-dbbe34dd59a6943d0bad409bd8b93c28\" target=\"_blank\"  class=\"qbutton  qbutton_with_icon\" style=\"\">Lire l'article sur le site https:\/\/www.lesoleil.com<i class=\"button_icon  fa fa-link\" style=\"\"><\/i><\/a>[vc_separator type=\u00a0\u00bbtransparent\u00a0\u00bb border_style=\u00a0\u00bb\u00a0\u00bb][vc_separator type=\u00a0\u00bbtransparent\u00a0\u00bb border_style=\u00a0\u00bb\u00a0\u00bb][vc_separator type=\u00a0\u00bbtransparent\u00a0\u00bb border_style=\u00a0\u00bb\u00a0\u00bb][\/vc_column][\/vc_row]<\/p>\n<\/section>","protected":false},"excerpt":{"rendered":"<p>[vc_row row_type=\u00a0\u00bbrow\u00a0\u00bb use_row_as_full_screen_section=\u00a0\u00bbno\u00a0\u00bb type=\u00a0\u00bbfull_width\u00a0\u00bb text_align=\u00a0\u00bbleft\u00a0\u00bb css_animation=\u00a0\u00bb\u00a0\u00bb][vc_column][vc_column_text]La douance chez l\u2019enfant demeure encore tr\u00e8s peu connue, rapportait Radio-Canada en janvier dernier. Pourtant, \u00ab on sait pertinemment aujourd\u2019hui que les enfants surdou\u00e9s ont des besoins particuliers \u00bb, notamment en mati\u00e8re de rapidit\u00e9 d\u2019apprentissage, de r\u00e9duction de la r\u00e9p\u00e9tition&#8230;<\/p>\n","protected":false},"author":5,"featured_media":1778,"comment_status":"closed","ping_status":"closed","sticky":false,"template":"","format":"link","meta":{"footnotes":"","_links_to":"","_links_to_target":""},"categories":[2,1],"tags":[8],"_links":{"self":[{"href":"http:\/\/accompagnementfga.ca\/SCFGAFP\/wp-json\/wp\/v2\/posts\/3201"}],"collection":[{"href":"http:\/\/accompagnementfga.ca\/SCFGAFP\/wp-json\/wp\/v2\/posts"}],"about":[{"href":"http:\/\/accompagnementfga.ca\/SCFGAFP\/wp-json\/wp\/v2\/types\/post"}],"author":[{"embeddable":true,"href":"http:\/\/accompagnementfga.ca\/SCFGAFP\/wp-json\/wp\/v2\/users\/5"}],"replies":[{"embeddable":true,"href":"http:\/\/accompagnementfga.ca\/SCFGAFP\/wp-json\/wp\/v2\/comments?post=3201"}],"version-history":[{"count":1,"href":"http:\/\/accompagnementfga.ca\/SCFGAFP\/wp-json\/wp\/v2\/posts\/3201\/revisions"}],"predecessor-version":[{"id":3261,"href":"http:\/\/accompagnementfga.ca\/SCFGAFP\/wp-json\/wp\/v2\/posts\/3201\/revisions\/3261"}],"wp:featuredmedia":[{"embeddable":true,"href":"http:\/\/accompagnementfga.ca\/SCFGAFP\/wp-json\/wp\/v2\/media\/1778"}],"wp:attachment":[{"href":"http:\/\/accompagnementfga.ca\/SCFGAFP\/wp-json\/wp\/v2\/media?parent=3201"}],"wp:term":[{"taxonomy":"category","embeddable":true,"href":"http:\/\/accompagnementfga.ca\/SCFGAFP\/wp-json\/wp\/v2\/categories?post=3201"},{"taxonomy":"post_tag","embeddable":true,"href":"http:\/\/accompagnementfga.ca\/SCFGAFP\/wp-json\/wp\/v2\/tags?post=3201"}],"curies":[{"name":"wp","href":"https:\/\/api.w.org\/{rel}","templated":true}]}}