{"id":3199,"date":"2019-02-25T09:34:13","date_gmt":"2019-02-25T14:34:13","guid":{"rendered":"http:\/\/accompagnementfga.ca\/SCFGAFP\/?p=3199"},"modified":"2019-02-25T09:34:13","modified_gmt":"2019-02-25T14:34:13","slug":"970-199","status":"publish","type":"post","link":"http:\/\/accompagnementfga.ca\/SCFGAFP\/2019\/02\/25\/970-199\/","title":{"rendered":"Chantier sur l&rsquo;engagement des \u00e9l\u00e8ves en classe"},"content":{"rendered":"<section class=\"wpb-content-wrapper\"><p>[vc_row row_type=\u00a0\u00bbrow\u00a0\u00bb use_row_as_full_screen_section=\u00a0\u00bbno\u00a0\u00bb type=\u00a0\u00bbfull_width\u00a0\u00bb text_align=\u00a0\u00bbleft\u00a0\u00bb css_animation=\u00a0\u00bb\u00a0\u00bb][vc_column][vc_column_text]<\/p>\n<p class=\"rtejustify\">Ce 2e num\u00e9ro multim\u00e9dia\u00a0de\u00a0<em>Leviers PRS<\/em>\u00a0retient le th\u00e8me de l&rsquo;engagement des \u00e9l\u00e8ves dans la classe ou dans l&rsquo;\u00e9cole ainsi que des \u00e9tudiant-e-s dans l&rsquo;\u00e9tablissement postsecondaire. Il s&rsquo;inscrit\u00a0au\u00a0<a href=\"https:\/\/periscope-r.quebec\/fr\/dimensions\/participation-dans-le-groupe-ou-la-classe\">premier niveau de participation, soit celui de l&rsquo;\u00e9l\u00e8ve\/l&rsquo;\u00e9tudiant-e dans son groupe ou la classe<\/a>, et en examine les tenants et aboutissants. Ce num\u00e9ro est pr\u00e9sent\u00e9 sous format multim\u00e9dia\u00a0et il se veut \u00e9volutif.<\/p>\n<p>[\/vc_column_text][vc_separator type=\u00a0\u00bbtransparent\u00a0\u00bb border_style=\u00a0\u00bb\u00a0\u00bb]<a href=\"https:\/\/periscope-r.quebec\/fr\/articles\/2018\/11\/chantier-sur-lengagement-des-eleves-en-classe\" target=\"_blank\"  class=\"qbutton  qbutton_with_icon\" style=\"\">Lire l'article sur le site https:\/\/periscope-r.quebec\/<i class=\"button_icon  fa fa-link\" style=\"\"><\/i><\/a>[vc_separator type=\u00a0\u00bbtransparent\u00a0\u00bb border_style=\u00a0\u00bb\u00a0\u00bb][vc_separator type=\u00a0\u00bbtransparent\u00a0\u00bb border_style=\u00a0\u00bb\u00a0\u00bb][vc_separator type=\u00a0\u00bbtransparent\u00a0\u00bb border_style=\u00a0\u00bb\u00a0\u00bb][\/vc_column][\/vc_row]<\/p>\n<\/section>","protected":false},"excerpt":{"rendered":"<p>[vc_row row_type=\u00a0\u00bbrow\u00a0\u00bb use_row_as_full_screen_section=\u00a0\u00bbno\u00a0\u00bb type=\u00a0\u00bbfull_width\u00a0\u00bb text_align=\u00a0\u00bbleft\u00a0\u00bb css_animation=\u00a0\u00bb\u00a0\u00bb][vc_column][vc_column_text] Ce 2e num\u00e9ro multim\u00e9dia\u00a0de\u00a0Leviers PRS\u00a0retient le th\u00e8me de l&rsquo;engagement des \u00e9l\u00e8ves dans la classe ou dans l&rsquo;\u00e9cole ainsi que des \u00e9tudiant-e-s dans l&rsquo;\u00e9tablissement postsecondaire. Il s&rsquo;inscrit\u00a0au\u00a0premier niveau de participation, soit celui de l&rsquo;\u00e9l\u00e8ve\/l&rsquo;\u00e9tudiant-e dans son groupe ou la classe,&#8230;<\/p>\n","protected":false},"author":5,"featured_media":1792,"comment_status":"closed","ping_status":"closed","sticky":false,"template":"","format":"link","meta":{"footnotes":"","_links_to":"","_links_to_target":""},"categories":[2,1],"tags":[8],"_links":{"self":[{"href":"http:\/\/accompagnementfga.ca\/SCFGAFP\/wp-json\/wp\/v2\/posts\/3199"}],"collection":[{"href":"http:\/\/accompagnementfga.ca\/SCFGAFP\/wp-json\/wp\/v2\/posts"}],"about":[{"href":"http:\/\/accompagnementfga.ca\/SCFGAFP\/wp-json\/wp\/v2\/types\/post"}],"author":[{"embeddable":true,"href":"http:\/\/accompagnementfga.ca\/SCFGAFP\/wp-json\/wp\/v2\/users\/5"}],"replies":[{"embeddable":true,"href":"http:\/\/accompagnementfga.ca\/SCFGAFP\/wp-json\/wp\/v2\/comments?post=3199"}],"version-history":[{"count":1,"href":"http:\/\/accompagnementfga.ca\/SCFGAFP\/wp-json\/wp\/v2\/posts\/3199\/revisions"}],"predecessor-version":[{"id":3258,"href":"http:\/\/accompagnementfga.ca\/SCFGAFP\/wp-json\/wp\/v2\/posts\/3199\/revisions\/3258"}],"wp:featuredmedia":[{"embeddable":true,"href":"http:\/\/accompagnementfga.ca\/SCFGAFP\/wp-json\/wp\/v2\/media\/1792"}],"wp:attachment":[{"href":"http:\/\/accompagnementfga.ca\/SCFGAFP\/wp-json\/wp\/v2\/media?parent=3199"}],"wp:term":[{"taxonomy":"category","embeddable":true,"href":"http:\/\/accompagnementfga.ca\/SCFGAFP\/wp-json\/wp\/v2\/categories?post=3199"},{"taxonomy":"post_tag","embeddable":true,"href":"http:\/\/accompagnementfga.ca\/SCFGAFP\/wp-json\/wp\/v2\/tags?post=3199"}],"curies":[{"name":"wp","href":"https:\/\/api.w.org\/{rel}","templated":true}]}}