{"id":2817,"date":"2018-11-14T11:22:29","date_gmt":"2018-11-14T15:22:29","guid":{"rendered":"http:\/\/accompagnementfga.ca\/SCFGAFP\/?p=2817"},"modified":"2018-11-14T11:22:29","modified_gmt":"2018-11-14T15:22:29","slug":"970-74","status":"publish","type":"post","link":"http:\/\/accompagnementfga.ca\/SCFGAFP\/2018\/11\/14\/970-74\/","title":{"rendered":"Pour un campus bienveillant"},"content":{"rendered":"<section class=\"wpb-content-wrapper\"><p>[vc_row row_type=\u00a0\u00bbrow\u00a0\u00bb use_row_as_full_screen_section=\u00a0\u00bbno\u00a0\u00bb type=\u00a0\u00bbfull_width\u00a0\u00bb text_align=\u00a0\u00bbleft\u00a0\u00bb css_animation=\u00a0\u00bb\u00a0\u00bb][vc_column][vc_column_text]Les enjeux de sant\u00e9 mentale sont au c\u0153ur des pr\u00e9occupations de la soci\u00e9t\u00e9 et c\u2019est aussi le cas \u00e0 l&rsquo;UdeM, qui a lanc\u00e9 une s\u00e9rie d\u2019initiatives pour aider les \u00e9tudiants et mieux outiller la communaut\u00e9. Des moyens transf\u00e9rables dans nos centres FGA et FP.[\/vc_column_text][vc_separator type=\u00a0\u00bbtransparent\u00a0\u00bb border_style=\u00a0\u00bb\u00a0\u00bb]<a href=\"https:\/\/nouvelles.umontreal.ca\/series\/serie\/pour-un-campus-bienveillant\/\" target=\"_blank\"  class=\"qbutton  qbutton_with_icon\" style=\"\">Lire l'article sur le site https:\/\/nouvelles.umontreal.ca<i class=\"button_icon  fa fa-link\" style=\"\"><\/i><\/a>[vc_separator type=\u00a0\u00bbtransparent\u00a0\u00bb border_style=\u00a0\u00bb\u00a0\u00bb][vc_separator type=\u00a0\u00bbtransparent\u00a0\u00bb border_style=\u00a0\u00bb\u00a0\u00bb][vc_separator type=\u00a0\u00bbtransparent\u00a0\u00bb border_style=\u00a0\u00bb\u00a0\u00bb][\/vc_column][\/vc_row]<\/p>\n<\/section>","protected":false},"excerpt":{"rendered":"<p>[vc_row row_type=\u00a0\u00bbrow\u00a0\u00bb use_row_as_full_screen_section=\u00a0\u00bbno\u00a0\u00bb type=\u00a0\u00bbfull_width\u00a0\u00bb text_align=\u00a0\u00bbleft\u00a0\u00bb css_animation=\u00a0\u00bb\u00a0\u00bb][vc_column][vc_column_text]Les enjeux de sant\u00e9 mentale sont au c\u0153ur des pr\u00e9occupations de la soci\u00e9t\u00e9 et c\u2019est aussi le cas \u00e0 l&rsquo;UdeM, qui a lanc\u00e9 une s\u00e9rie d\u2019initiatives pour aider les \u00e9tudiants et mieux outiller la communaut\u00e9. Des moyens transf\u00e9rables dans nos&#8230;<\/p>\n","protected":false},"author":5,"featured_media":2786,"comment_status":"closed","ping_status":"closed","sticky":false,"template":"","format":"link","meta":{"footnotes":"","_links_to":"","_links_to_target":""},"categories":[1],"tags":[8],"_links":{"self":[{"href":"http:\/\/accompagnementfga.ca\/SCFGAFP\/wp-json\/wp\/v2\/posts\/2817"}],"collection":[{"href":"http:\/\/accompagnementfga.ca\/SCFGAFP\/wp-json\/wp\/v2\/posts"}],"about":[{"href":"http:\/\/accompagnementfga.ca\/SCFGAFP\/wp-json\/wp\/v2\/types\/post"}],"author":[{"embeddable":true,"href":"http:\/\/accompagnementfga.ca\/SCFGAFP\/wp-json\/wp\/v2\/users\/5"}],"replies":[{"embeddable":true,"href":"http:\/\/accompagnementfga.ca\/SCFGAFP\/wp-json\/wp\/v2\/comments?post=2817"}],"version-history":[{"count":2,"href":"http:\/\/accompagnementfga.ca\/SCFGAFP\/wp-json\/wp\/v2\/posts\/2817\/revisions"}],"predecessor-version":[{"id":2819,"href":"http:\/\/accompagnementfga.ca\/SCFGAFP\/wp-json\/wp\/v2\/posts\/2817\/revisions\/2819"}],"wp:featuredmedia":[{"embeddable":true,"href":"http:\/\/accompagnementfga.ca\/SCFGAFP\/wp-json\/wp\/v2\/media\/2786"}],"wp:attachment":[{"href":"http:\/\/accompagnementfga.ca\/SCFGAFP\/wp-json\/wp\/v2\/media?parent=2817"}],"wp:term":[{"taxonomy":"category","embeddable":true,"href":"http:\/\/accompagnementfga.ca\/SCFGAFP\/wp-json\/wp\/v2\/categories?post=2817"},{"taxonomy":"post_tag","embeddable":true,"href":"http:\/\/accompagnementfga.ca\/SCFGAFP\/wp-json\/wp\/v2\/tags?post=2817"}],"curies":[{"name":"wp","href":"https:\/\/api.w.org\/{rel}","templated":true}]}}