{"id":2431,"date":"2018-03-13T07:43:16","date_gmt":"2018-03-13T11:43:16","guid":{"rendered":"http:\/\/accompagnementfga.ca\/SCFGAFP\/?p=2431"},"modified":"2018-03-13T07:43:16","modified_gmt":"2018-03-13T11:43:16","slug":"le-nombre-detudiants-souffrant-de-deficience-bondit-dans-les-etablissements-postsecondaires","status":"publish","type":"post","link":"http:\/\/accompagnementfga.ca\/SCFGAFP\/2018\/03\/13\/le-nombre-detudiants-souffrant-de-deficience-bondit-dans-les-etablissements-postsecondaires\/","title":{"rendered":"Le nombre d\u2019\u00e9tudiants souffrant de d\u00e9ficience bondit dans les \u00e9tablissements postsecondaires"},"content":{"rendered":"<section class=\"wpb-content-wrapper\"><p>[vc_row row_type=\u00a0\u00bbrow\u00a0\u00bb use_row_as_full_screen_section=\u00a0\u00bbno\u00a0\u00bb type=\u00a0\u00bbfull_width\u00a0\u00bb text_align=\u00a0\u00bbleft\u00a0\u00bb css_animation=\u00a0\u00bb\u00a0\u00bb][vc_column][vc_column_text]La d\u00e9claration de d\u00e9ficiences (quelles qu&rsquo;elles soient) aux \u00e9tudes permet aux \u00e9tudiants d&rsquo;acc\u00e9der \u00e0 leur r\u00eave et de poursuivre le cursus scolaire avec du soutien.[\/vc_column_text][vc_separator type=\u00a0\u00bbtransparent\u00a0\u00bb border_style=\u00a0\u00bb\u00a0\u00bb]<a href=\"http:\/\/www.ledevoir.com\/societe\/education\/522005\/enseignement-superieur-explosion-du-nombre-d-etudiants-en-difficulte\" target=\"_blank\"  class=\"qbutton  qbutton_with_icon\" style=\"\">Lire l'article <i class=\"button_icon  fa fa-link\" style=\"\"><\/i><\/a>[vc_separator type=\u00a0\u00bbtransparent\u00a0\u00bb border_style=\u00a0\u00bb\u00a0\u00bb][vc_separator type=\u00a0\u00bbtransparent\u00a0\u00bb border_style=\u00a0\u00bb\u00a0\u00bb][vc_separator type=\u00a0\u00bbtransparent\u00a0\u00bb border_style=\u00a0\u00bb\u00a0\u00bb][\/vc_column][\/vc_row]<\/p>\n<\/section>","protected":false},"excerpt":{"rendered":"<p>[vc_row row_type=\u00a0\u00bbrow\u00a0\u00bb use_row_as_full_screen_section=\u00a0\u00bbno\u00a0\u00bb type=\u00a0\u00bbfull_width\u00a0\u00bb text_align=\u00a0\u00bbleft\u00a0\u00bb css_animation=\u00a0\u00bb\u00a0\u00bb][vc_column][vc_column_text]La d\u00e9claration de d\u00e9ficiences (quelles qu&rsquo;elles soient) aux \u00e9tudes permet aux \u00e9tudiants d&rsquo;acc\u00e9der \u00e0 leur r\u00eave et de poursuivre le cursus scolaire avec du soutien.[\/vc_column_text][vc_separator type=\u00a0\u00bbtransparent\u00a0\u00bb border_style=\u00a0\u00bb\u00a0\u00bb][vc_separator type=\u00a0\u00bbtransparent\u00a0\u00bb border_style=\u00a0\u00bb\u00a0\u00bb][vc_separator type=\u00a0\u00bbtransparent\u00a0\u00bb border_style=\u00a0\u00bb\u00a0\u00bb][vc_separator type=\u00a0\u00bbtransparent\u00a0\u00bb border_style=\u00a0\u00bb\u00a0\u00bb][\/vc_column][\/vc_row]<\/p>\n","protected":false},"author":4,"featured_media":937,"comment_status":"closed","ping_status":"closed","sticky":false,"template":"","format":"link","meta":{"footnotes":"","_links_to":"","_links_to_target":""},"categories":[1,4],"tags":[8],"_links":{"self":[{"href":"http:\/\/accompagnementfga.ca\/SCFGAFP\/wp-json\/wp\/v2\/posts\/2431"}],"collection":[{"href":"http:\/\/accompagnementfga.ca\/SCFGAFP\/wp-json\/wp\/v2\/posts"}],"about":[{"href":"http:\/\/accompagnementfga.ca\/SCFGAFP\/wp-json\/wp\/v2\/types\/post"}],"author":[{"embeddable":true,"href":"http:\/\/accompagnementfga.ca\/SCFGAFP\/wp-json\/wp\/v2\/users\/4"}],"replies":[{"embeddable":true,"href":"http:\/\/accompagnementfga.ca\/SCFGAFP\/wp-json\/wp\/v2\/comments?post=2431"}],"version-history":[{"count":1,"href":"http:\/\/accompagnementfga.ca\/SCFGAFP\/wp-json\/wp\/v2\/posts\/2431\/revisions"}],"predecessor-version":[{"id":2432,"href":"http:\/\/accompagnementfga.ca\/SCFGAFP\/wp-json\/wp\/v2\/posts\/2431\/revisions\/2432"}],"wp:featuredmedia":[{"embeddable":true,"href":"http:\/\/accompagnementfga.ca\/SCFGAFP\/wp-json\/wp\/v2\/media\/937"}],"wp:attachment":[{"href":"http:\/\/accompagnementfga.ca\/SCFGAFP\/wp-json\/wp\/v2\/media?parent=2431"}],"wp:term":[{"taxonomy":"category","embeddable":true,"href":"http:\/\/accompagnementfga.ca\/SCFGAFP\/wp-json\/wp\/v2\/categories?post=2431"},{"taxonomy":"post_tag","embeddable":true,"href":"http:\/\/accompagnementfga.ca\/SCFGAFP\/wp-json\/wp\/v2\/tags?post=2431"}],"curies":[{"name":"wp","href":"https:\/\/api.w.org\/{rel}","templated":true}]}}