{"id":1870,"date":"2017-07-07T12:23:07","date_gmt":"2017-07-07T16:23:07","guid":{"rendered":"http:\/\/accompagnementfga.ca\/SCFGAFP\/?p=1870"},"modified":"2017-07-07T13:24:45","modified_gmt":"2017-07-07T17:24:45","slug":"adaptation-du-support-pour-en-faciliter-la-lecture-syllabes-et-compagnie","status":"publish","type":"post","link":"http:\/\/accompagnementfga.ca\/SCFGAFP\/2017\/07\/07\/adaptation-du-support-pour-en-faciliter-la-lecture-syllabes-et-compagnie\/","title":{"rendered":"Adaptation du support pour en faciliter la lecture: Syllabes et compagnie"},"content":{"rendered":"<section class=\"wpb-content-wrapper\"><p>[vc_row row_type=\u00a0\u00bbrow\u00a0\u00bb use_row_as_full_screen_section=\u00a0\u00bbno\u00a0\u00bb type=\u00a0\u00bbfull_width\u00a0\u00bb text_align=\u00a0\u00bbleft\u00a0\u00bb css_animation=\u00a0\u00bb\u00a0\u00bb][vc_column][vc_column_text]<strong>Int\u00e9ressant pour les \u00e9l\u00e8ves en grande difficult\u00e9 ou ayant une d\u00e9ficience intellectuelle. L&rsquo;application permet de disposer d&rsquo;un petit traitement de texte, tr\u00e8s simple. Les \u00e9l\u00e8ves peuvent \u00eatre rapidement autonomes pour r\u00e9aliser directement les adaptions qui leur conviennent.<\/strong>[\/vc_column_text][vc_separator type=\u00a0\u00bbtransparent\u00a0\u00bb border_style=\u00a0\u00bb\u00a0\u00bb]<a href=\"http:\/\/handituic.blogspot.ca\/\" target=\"_blank\"  class=\"qbutton  qbutton_with_icon\" style=\"\">Lire<i class=\"button_icon  fa fa-link\" style=\"\"><\/i><\/a>[vc_separator type=\u00a0\u00bbtransparent\u00a0\u00bb border_style=\u00a0\u00bb\u00a0\u00bb][vc_separator type=\u00a0\u00bbtransparent\u00a0\u00bb border_style=\u00a0\u00bb\u00a0\u00bb][vc_separator type=\u00a0\u00bbtransparent\u00a0\u00bb border_style=\u00a0\u00bb\u00a0\u00bb][\/vc_column][\/vc_row]<\/p>\n<\/section>","protected":false},"excerpt":{"rendered":"<p>[vc_row row_type=\u00a0\u00bbrow\u00a0\u00bb use_row_as_full_screen_section=\u00a0\u00bbno\u00a0\u00bb type=\u00a0\u00bbfull_width\u00a0\u00bb text_align=\u00a0\u00bbleft\u00a0\u00bb css_animation=\u00a0\u00bb\u00a0\u00bb][vc_column][vc_column_text]Int\u00e9ressant pour les \u00e9l\u00e8ves en grande difficult\u00e9 ou ayant une d\u00e9ficience intellectuelle. L&rsquo;application permet de disposer d&rsquo;un petit traitement de texte, tr\u00e8s simple. Les \u00e9l\u00e8ves peuvent \u00eatre rapidement autonomes pour r\u00e9aliser directement les adaptions qui leur conviennent.[\/vc_column_text][vc_separator type=\u00a0\u00bbtransparent\u00a0\u00bb border_style=\u00a0\u00bb\u00a0\u00bb][vc_separator type=\u00a0\u00bbtransparent\u00a0\u00bb&#8230;<\/p>\n","protected":false},"author":2,"featured_media":1112,"comment_status":"closed","ping_status":"closed","sticky":false,"template":"","format":"link","meta":{"footnotes":"","_links_to":"","_links_to_target":""},"categories":[1],"tags":[8,49],"_links":{"self":[{"href":"http:\/\/accompagnementfga.ca\/SCFGAFP\/wp-json\/wp\/v2\/posts\/1870"}],"collection":[{"href":"http:\/\/accompagnementfga.ca\/SCFGAFP\/wp-json\/wp\/v2\/posts"}],"about":[{"href":"http:\/\/accompagnementfga.ca\/SCFGAFP\/wp-json\/wp\/v2\/types\/post"}],"author":[{"embeddable":true,"href":"http:\/\/accompagnementfga.ca\/SCFGAFP\/wp-json\/wp\/v2\/users\/2"}],"replies":[{"embeddable":true,"href":"http:\/\/accompagnementfga.ca\/SCFGAFP\/wp-json\/wp\/v2\/comments?post=1870"}],"version-history":[{"count":3,"href":"http:\/\/accompagnementfga.ca\/SCFGAFP\/wp-json\/wp\/v2\/posts\/1870\/revisions"}],"predecessor-version":[{"id":1876,"href":"http:\/\/accompagnementfga.ca\/SCFGAFP\/wp-json\/wp\/v2\/posts\/1870\/revisions\/1876"}],"wp:featuredmedia":[{"embeddable":true,"href":"http:\/\/accompagnementfga.ca\/SCFGAFP\/wp-json\/wp\/v2\/media\/1112"}],"wp:attachment":[{"href":"http:\/\/accompagnementfga.ca\/SCFGAFP\/wp-json\/wp\/v2\/media?parent=1870"}],"wp:term":[{"taxonomy":"category","embeddable":true,"href":"http:\/\/accompagnementfga.ca\/SCFGAFP\/wp-json\/wp\/v2\/categories?post=1870"},{"taxonomy":"post_tag","embeddable":true,"href":"http:\/\/accompagnementfga.ca\/SCFGAFP\/wp-json\/wp\/v2\/tags?post=1870"}],"curies":[{"name":"wp","href":"https:\/\/api.w.org\/{rel}","templated":true}]}}